{"id":25594,"date":"2022-09-16T09:45:40","date_gmt":"2022-09-16T09:45:40","guid":{"rendered":"https:\/\/eod-star.hu\/?p=25594"},"modified":"2022-09-17T13:48:31","modified_gmt":"2022-09-17T13:48:31","slug":"miert-nincs-meg-humac","status":"publish","type":"post","link":"https:\/\/eod-star.hu\/hu\/miert-nincs-meg-humac\/","title":{"rendered":"Mi\u00e9rt nincs m\u00e9g HUMAC?"},"content":{"rendered":"<p>Mi is az a HUMAC, azaz az Hungaryan Mine Action Center?&nbsp;<\/p>\n<p>Az ENSZ \u201cM\u00e9rt\u00e9ktelen s\u00e9r\u00fcl\u00e9st okoz\u00f3nak vagy megk\u00fcl\u00f6nb\u00f6ztet\u00e9s n\u00e9lk\u00fcl hat\u00f3nak tekinthet\u0151&nbsp;egyes hagyom\u00e1nyos fegyverek&nbsp;alkalmaz\u00e1s\u00e1nak betilt\u00e1s\u00e1r\u00f3l illet\u0151leg korl\u00e1toz\u00e1s\u00e1r\u00f3l sz\u00f3l\u00f3\u201d Genfben 1980. okt\u00f3ber 15 napj\u00e1n kelt egyezm\u00e9nye alapj\u00e1n az egyezm\u00e9ny az 1983. \u00e9vi december h\u00f3 2. napj\u00e1n hat\u00e1lyba l\u00e9pett. Ezt k\u00f6vet\u0151en megsz\u00fcletett a 1984. \u00e9vi 2. t\u00f6rv\u00e9nyerej\u0171 rendelet, melynek v\u00e9grehajt\u00e1s\u00e1\u00e9rt a honv\u00e9delem\u00e9rt felel\u0151s miniszter gondoskodik. A rendelet sz\u00e1mos harc\u00e1szati \u00e9s haditechnikai ter\u00fcletet szab\u00e1lyoz, t\u00f6bbek k\u00f6z\u00f6tt annak 11. cikke el\u0151\u00edrja a Magas Szerz\u0151d\u0151 F\u00e9l k\u00f6z\u00f6tti \u201etechnikai egy\u00fcttm\u0171k\u00f6d\u00e9s \u00e9s seg\u00edts\u00e9gny\u00fajt\u00e1s\u201d rendj\u00e9t.<\/p>\n<p><b><i>1984. \u00e9vi 2. t\u00f6rv\u00e9nyerej\u0171 rendelet, 11. Cikk, \u201eTechnikai egy\u00fcttm\u0171k\u00f6d\u00e9s \u00e9s seg\u00edts\u00e9gny\u00fajt\u00e1s\u201d<\/i><\/b><\/p>\n<p><i> Minden Magas Szerz\u0151d\u0151 F\u00e9l k\u00f6telezi mag\u00e1t, hogy a lehet\u0151 legteljesebb m\u00e9rt\u00e9kben el\u0151seg\u00edti, \u00e9s joga van a lehet\u0151 legteljesebb m\u00e9rt\u00e9kben r\u00e9szt venni a jelen jegyz\u0151k\u00f6nyv v\u00e9grehajt\u00e1s\u00e1val kapcsolatos berendez\u00e9sek, anyagok, tudom\u00e1nyos-technikai inform\u00e1ci\u00f3k \u00e9s az aknamentes\u00edt\u0151 eszk\u00f6z\u00f6k cser\u00e9j\u00e9ben. A Magas Szerz\u0151d\u0151 Felek k\u00fcl\u00f6n\u00f6sk\u00e9ppen nem vetnek ki sz\u00fcks\u00e9gtelen korl\u00e1toz\u00e1sokat az aknamentes\u00edt\u0151 eszk\u00f6z\u00f6k \u00e9s a kapcsol\u00f3d\u00f3 technol\u00f3giai inform\u00e1ci\u00f3k humanit\u00e1rius c\u00e9llal t\u00f6rt\u00e9n\u0151 \u00e1tad\u00e1s\u00e1val szemben.<\/i><\/p>\n<p><i> Minden Magas Szerz\u0151d\u0151 F\u00e9l k\u00f6telezi mag\u00e1t arra, hogy az Egyes\u00fclt Nemzetek Szervezete Rendszer\u00e9nek keretei k\u00f6z\u00f6tt l\u00e9trehozott aknamentes\u00edt\u00e9si adatb\u00e1zis r\u00e9sz\u00e9re inform\u00e1ci\u00f3t szolg\u00e1ltat, k\u00fcl\u00f6n\u00f6s tekintettel k\u00fcl\u00f6nf\u00e9le aknamentes\u00edt\u0151 eszk\u00f6z\u00f6kr\u0151l \u00e9s technol\u00f3gi\u00e1kr\u00f3l sz\u00f3l\u00f3 inform\u00e1ci\u00f3kra, szak\u00e9rt\u0151i list\u00e1kra, szakint\u00e9zm\u00e9nyekre vagy az aknamentes\u00edt\u00e9ssel foglalkoz\u00f3 nemzeti koordin\u00e1torokra.<\/i><\/p>\n<p><i> Minden Magas Szerz\u0151d\u0151 F\u00e9l, amelyiknek m\u00f3dj\u00e1ban \u00e1ll, aknamentes\u00edt\u00e9s c\u00e9lj\u00e1b\u00f3l az Egyes\u00fclt Nemzetek Szervezete Rendszer\u00e9ben, vagy m\u00e1s nemzetk\u00f6zi ter\u00fcletek vagy k\u00e9toldal\u00fa kapcsolatok keret\u00e9ben aknamentes\u00edt\u00e9si c\u00e9l\u00fa seg\u00edts\u00e9get ny\u00fajt, vagy anyagilag hozz\u00e1j\u00e1rul az Egyes\u00fclt Nemzetek Szervezet\u00e9nek \u00f6nk\u00e9ntes aknamentes\u00edt\u00e9si seg\u00e9lyalapj\u00e1hoz.<\/i><\/p>\n<p><i> A Magas Szerz\u0151d\u0151 Felek aknamentes\u00edt\u00e9si seg\u00edts\u00e9gre vonatkoz\u00f3 k\u00e9r\u00e9seit megfelel\u0151 inform\u00e1ci\u00f3kkal al\u00e1t\u00e1masztva az Egyes\u00fclt Nemzetek Szervezet\u00e9nek, m\u00e1s megfelel\u0151 szervezeteknek vagy m\u00e1s \u00e1llamoknak lehet beny\u00fajtani. Ezek a k\u00e9r\u00e9sek az Egyes\u00fclt Nemzetek Szervezet\u00e9nek f\u0151titk\u00e1r\u00e1hoz ny\u00fajthat\u00f3k be, aki tov\u00e1bb\u00edtja \u0151ket minden Magas Szerz\u0151d\u0151 F\u00e9l, valamint a megfelel\u0151 nemzetk\u00f6zi szervezetek r\u00e9sz\u00e9re.<\/i><\/p>\n<p><i> Amennyiben az Egyes\u00fclt Nemzetek Szervezet\u00e9hez k\u00e9r\u00e9s \u00e9rkezik, az Egyes\u00fclt Nemzetek Szervezet\u00e9nek f\u0151titk\u00e1ra a rendelkez\u00e9s\u00e9re \u00e1ll\u00f3 forr\u00e1sok keretei k\u00f6z\u00f6tt megfelel\u0151 l\u00e9p\u00e9seket tehet a helyzet \u00e9rt\u00e9kel\u00e9s\u00e9re, \u00e9s a k\u00e9relmez\u0151 Magas Szerz\u0151d\u0151 F\u00e9llel egy\u00fcttm\u0171k\u00f6dve meghat\u00e1rozza a seg\u00edts\u00e9gny\u00fajt\u00e1s megfelel\u0151 m\u00f3dj\u00e1t az aknamentes\u00edt\u00e9sben vagy az Egyezm\u00e9ny \u00e9rv\u00e9nyre juttat\u00e1s\u00e1ban. A f\u0151titk\u00e1r szint\u00e9n t\u00e1j\u00e9koztathatja a Magas Szerz\u0151d\u0151 Feleket b\u00e1rmely ilyen felm\u00e9r\u00e9sr\u0151l, csak\u00fagy mint a k\u00edv\u00e1natos seg\u00edts\u00e9g jelleg\u00e9r\u0151l \u00e9s m\u00e9rt\u00e9k\u00e9r\u0151l.<\/i><\/p>\n<p><i> A Magas Szerz\u0151d\u0151 Felek \u00fcgyelve arra, hogy saj\u00e1t alkotm\u00e1nyukat \u00e9s m\u00e1s jogi rendelkez\u00e9seket ne s\u00e9rtsenek, k\u00f6telezik magukat az egy\u00fcttm\u0171k\u00f6d\u00e9sre \u00e9s a&nbsp;<\/i><i style=\"font-weight: inherit; background-color: var(--ast-global-color-5); color: var(--ast-global-color-3);\">technol\u00f3gia \u00e1tad\u00e1s\u00e1ra, hogy el\u0151seg\u00edts\u00e9k a jelen jegyz\u0151k\u00f6nyvben r\u00f6gz\u00edtett megfelel\u0151 tilt\u00e1sok \u00e9s korl\u00e1toz\u00e1sok v\u00e9grehajt\u00e1s\u00e1t.<\/i><\/p>\n<p><i style=\"font-weight: inherit; background-color: var(--ast-global-color-5); color: var(--ast-global-color-3);\">Minden Magas Szerz\u0151d\u0151 F\u00e9lnek joga van adott esetben, sz\u00fcks\u00e9g \u00e9s lehet\u0151s\u00e9g eset\u00e9n, technikai seg\u00edts\u00e9get k\u00e9rni \u00e9s kapni egy m\u00e1sik Magas Szerz\u0151d\u0151 F\u00e9lt\u0151l a fegyverzetre vonatkoz\u00f3 technol\u00f3gi\u00e1n k\u00edv\u00fcli konkr\u00e9t technol\u00f3gia vonatkoz\u00e1s\u00e1ban abb\u00f3l a c\u00e9lb\u00f3l, hogy r\u00f6vid\u00edts\u00e9k a Technikai mell\u00e9kletben r\u00f6gz\u00edtett b\u00e1rmelyik halaszt\u00f3 id\u0151szakot.\u201d<\/i><\/p>\n<p>Az egy\u00fcttm\u0171k\u00f6d\u00e9s az inform\u00e1ci\u00f3 megoszt\u00e1s \u00e9s a k\u00f6lcs\u00f6n\u00f6s seg\u00edts\u00e9g ny\u00fajt\u00e1s elv\u00e9nek \u00e9rv\u00e9nyes\u00fcl\u00e9se \u00e9rdek\u00e9ben az ENSZ l\u00e9tre hozta a United Nation Mine Action Sevice elnevez\u00e9s\u0171 szervezet\u00e9t, melynek feladata az Egyes\u00fclt Nemzetek Szervezete Rendszer\u00e9nek keretei k\u00f6z\u00f6tt l\u00e9trehozott akna- \u00e9s m\u00e1s robban\u00f3szerkezet-mentes\u00edt\u00e9si adatb\u00e1zis, valamint a nemzetk\u00f6zi \u00e9s nemzeti szak\u00e9rt\u0151i, illetve az akna- \u00e9s m\u00e1s robban\u00f3szerkezet-mentes\u00edt\u00e9ssel foglalkoz\u00f3 nemzeti koordin\u00e1torok list\u00e1j\u00e1nak kezel\u00e9se, az akna- \u00e9s m\u00e1s robban\u00f3szerkezet mentes\u00edt\u0151 eszk\u00f6z\u00f6kr\u0151l \u00e9s technol\u00f3gi\u00e1kr\u00f3l (berendez\u00e9sek, anyagok, tudom\u00e1nyos-technikai inform\u00e1ci\u00f3k) sz\u00f3l\u00f3 inform\u00e1ci\u00f3 megoszt\u00e1sa, a k\u00e9toldal\u00fa kapcsolatok keret\u00e9ben akna- \u00e9s m\u00e1s robban\u00f3szerkezet-mentes\u00edt\u00e9si c\u00e9l\u00fa seg\u00e9lyprogramok koordin\u00e1l\u00e1sa \u00e9s finansz\u00edroz\u00e1sa.<\/p>\n<p>Az egyezm\u00e9ny k\u00f6telezi a Magas Szerz\u0151d\u0151 Feleket, hogy nemzeti kereteken bel\u00fcl m\u0171k\u00f6dtessenek nemzeti aknak\u00f6zpontokat (MAC), melyek felel\u0151sek az UNMAC tev\u00e9kenys\u00e9g\u00e9t nemzeti szinten v\u00e9gezni. Magyarorsz\u00e1gon jelenleg nincs olyan szervezt, mely a fenti feladatokat ell\u00e1tja annak ellen\u00e9re, hogy azt egyr\u00e9szt t\u00f6rv\u00e9nyi k\u00f6telem, m\u00e1s r\u00e9sz a hatalmas mennyis\u00e9g\u0171 el\u0151tal\u00e1lt robban\u00f3szerkezet darabsz\u00e1ma indokolna. A k\u00f6rnyez\u0151 orsz\u00e1gok m\u00e1r t\u00f6bb \u00e9vtizede rendelkeznek ilyen szervezetekkel (pl. Mine Action Centre of Republic of Serbia, Croatian Mine Action Centre, stb\u2026), melyek el\u0151sorban sikeresen integr\u00e1l\u00f3dtak a nemzetk\u00f6zi rendszerbe, biztos\u00edtott\u00e1k a nemzetek k\u00f6z\u00f6tti technikai egy\u00fcttm\u0171k\u00f6d\u00e9st \u00e9s k\u00f6lcs\u00f6n\u00f6s seg\u00edts\u00e9gny\u00fajt\u00e1st, ez\u00e1ltal hatalmas nemzetk\u00f6zi szakmai tapasztalatra tettek szert, mellyel kimagasl\u00f3 \u00e9rdemeket \u00e9s elismer\u00e9st szereztek haz\u00e1juk sz\u00e1m\u00e1ra. M\u00e1sodsorban sz\u00e1mos mentes\u00edt\u00e9si seg\u00e9lyprogramot koordin\u00e1ltak, mellyel az adott orsz\u00e1gban t\u00f6bbletj\u00f6vedelmet gener\u00e1ltak, tov\u00e1bb\u00e1 professzion\u00e1lis keretrendszert teremtettek az akna- \u00e9s m\u00e1s robban\u00f3szerkezet-mentes\u00edt\u00e9si tev\u00e9kenys\u00e9gnek, a folyamatos szalmai kontrollal magas szintre emelt\u00e9k a mentes\u00edt\u00e9si tev\u00e9kenys\u00e9get, ezzel p\u00e1rhuzamosan radik\u00e1lisan cs\u00f6kkentett\u00e9k akn\u00e1k- \u00e9s m\u00e1s robban\u00f3szerkezetek felrobban\u00e1s\u00e1b\u00f3l ad\u00f3d\u00f3 civil \u00e1ldozatok sz\u00e1m\u00e1t.<\/p>\n<p>A Hungaryan Mine Action Center, azaz a HUMAC ezt a tev\u00e9kenys\u00e9get k\u00edv\u00e1nja marad\u00e9ktalanul ell\u00e1tni, \u00edgy tisztelettel k\u00e9r\u00fcnk mindenkit, aki \u00e9rintett a HUMAC l\u00e9trehoz\u00e1s\u00e1ban, a sz\u00e9lesebb t\u00e1rsadalmi t\u00e1mogatotts\u00e1g \u00e9rdek\u00e9ben sz\u00edveskedjen sz\u00e1nd\u00e9k\u00e1t jelezni!<\/p>\n","protected":false},"excerpt":{"rendered":"<p>Mi is az a HUMAC, azaz az Hungaryan Mine Action Center?&nbsp; Az ENSZ \u201cM\u00e9rt\u00e9ktelen s\u00e9r\u00fcl\u00e9st okoz\u00f3nak vagy megk\u00fcl\u00f6nb\u00f6ztet\u00e9s n\u00e9lk\u00fcl hat\u00f3nak tekinthet\u0151&nbsp;egyes hagyom\u00e1nyos fegyverek&nbsp;alkalmaz\u00e1s\u00e1nak betilt\u00e1s\u00e1r\u00f3l illet\u0151leg korl\u00e1toz\u00e1s\u00e1r\u00f3l sz\u00f3l\u00f3\u201d Genfben 1980. okt\u00f3ber 15 napj\u00e1n kelt egyezm\u00e9nye alapj\u00e1n az egyezm\u00e9ny az 1983. \u00e9vi december h\u00f3 2. napj\u00e1n hat\u00e1lyba l\u00e9pett. Ezt k\u00f6vet\u0151en megsz\u00fcletett a 1984. \u00e9vi 2. t\u00f6rv\u00e9nyerej\u0171 rendelet, [&hellip;]<\/p>\n","protected":false},"author":6,"featured_media":25607,"comment_status":"open","ping_status":"open","sticky":false,"template":"","format":"standard","meta":{"_et_pb_use_builder":"","_et_pb_old_content":"","_et_gb_content_width":"","footnotes":""},"categories":[1],"tags":[],"class_list":["post-25594","post","type-post","status-publish","format-standard","has-post-thumbnail","hentry","category-egyeb"],"_links":{"self":[{"href":"https:\/\/eod-star.hu\/hu\/wp-json\/wp\/v2\/posts\/25594","targetHints":{"allow":["GET"]}}],"collection":[{"href":"https:\/\/eod-star.hu\/hu\/wp-json\/wp\/v2\/posts"}],"about":[{"href":"https:\/\/eod-star.hu\/hu\/wp-json\/wp\/v2\/types\/post"}],"author":[{"embeddable":true,"href":"https:\/\/eod-star.hu\/hu\/wp-json\/wp\/v2\/users\/6"}],"replies":[{"embeddable":true,"href":"https:\/\/eod-star.hu\/hu\/wp-json\/wp\/v2\/comments?post=25594"}],"version-history":[{"count":13,"href":"https:\/\/eod-star.hu\/hu\/wp-json\/wp\/v2\/posts\/25594\/revisions"}],"predecessor-version":[{"id":25616,"href":"https:\/\/eod-star.hu\/hu\/wp-json\/wp\/v2\/posts\/25594\/revisions\/25616"}],"wp:featuredmedia":[{"embeddable":true,"href":"https:\/\/eod-star.hu\/hu\/wp-json\/wp\/v2\/media\/25607"}],"wp:attachment":[{"href":"https:\/\/eod-star.hu\/hu\/wp-json\/wp\/v2\/media?parent=25594"}],"wp:term":[{"taxonomy":"category","embeddable":true,"href":"https:\/\/eod-star.hu\/hu\/wp-json\/wp\/v2\/categories?post=25594"},{"taxonomy":"post_tag","embeddable":true,"href":"https:\/\/eod-star.hu\/hu\/wp-json\/wp\/v2\/tags?post=25594"}],"curies":[{"name":"wp","href":"https:\/\/api.w.org\/{rel}","templated":true}]}}